{"id":409,"date":"2022-10-14T05:31:56","date_gmt":"2022-10-14T05:31:56","guid":{"rendered":"http:\/\/die-harzburg.de\/?p=409"},"modified":"2022-10-14T05:42:44","modified_gmt":"2022-10-14T05:42:44","slug":"2016-amtsuebergabe","status":"publish","type":"post","link":"https:\/\/die-harzburg.de\/?p=409","title":{"rendered":"2016 Amts\u00fcbergabe"},"content":{"rendered":"\n<h2 class=\"wp-block-heading\">Amts\u00fcbergabe an Dirk Junicke<\/h2>\n\n\n\n<p>Am 20. April.2016 wurden die Amtsgesch\u00e4fte in der Gastst\u00e4tte Aussichtsreich auf dem Burgberg von Horst Woick an Dirk Junicke zeremoniell \u00fcbergeben. Zu diesem Anlass hatte der Hausherr und neue 1. Vorsitzende Dirk Junicke die Mitglieder und G\u00e4ste auf den Burgberg gebeten. Hier sollte bei einer &#8222;Braunschweiger Kaffeetafel&#8220; -Kuchen, Wurst, K\u00e4se usw.- die \u00dcbergabe stattfinden.&nbsp;<\/p>\n\n\n<div class=\"wp-block-image\">\n<figure class=\"aligncenter size-full\"><img data-recalc-dims=\"1\" loading=\"lazy\" decoding=\"async\" width=\"600\" height=\"450\" src=\"https:\/\/i0.wp.com\/die-harzburg.de\/wp-content\/uploads\/2022\/10\/01-2.png?resize=600%2C450\" alt=\"\" class=\"wp-image-422\" srcset=\"https:\/\/i0.wp.com\/die-harzburg.de\/wp-content\/uploads\/2022\/10\/01-2.png?w=600&amp;ssl=1 600w, https:\/\/i0.wp.com\/die-harzburg.de\/wp-content\/uploads\/2022\/10\/01-2.png?resize=300%2C225&amp;ssl=1 300w\" sizes=\"auto, (max-width: 600px) 100vw, 600px\" \/><figcaption>Auf dem Burgberg wurde die &#8222;Horst-Woick-Eiche&#8220; gepflanzt und vom Namensgeber zusammen mit seinem Nachfolger Dirk Junicke und KTW-Chef Bernd Vollrodt ordentlich bew\u00e4ssert.<\/figcaption><\/figure>\n<\/div>\n\n<div class=\"wp-block-image\">\n<figure class=\"aligncenter size-full is-resized\"><img data-recalc-dims=\"1\" decoding=\"async\" src=\"https:\/\/i0.wp.com\/die-harzburg.de\/wp-content\/uploads\/2022\/10\/08-1.png?w=599\" alt=\"\" class=\"wp-image-419\" \/><figcaption>Auch Heinrich IV. (Manfred Gruner) war nat\u00fcrlich zugegen.<\/figcaption><\/figure>\n<\/div>\n\n<div class=\"wp-block-image\">\n<figure class=\"aligncenter size-full is-resized\"><img data-recalc-dims=\"1\" decoding=\"async\" src=\"https:\/\/i0.wp.com\/die-harzburg.de\/wp-content\/uploads\/2022\/10\/02-1.png?w=600\" alt=\"\" class=\"wp-image-414\" \/><figcaption>Stellvertretende Landr\u00e4tin Claudia Schmalz \u00fcberbringt Horst Wocik den Dank des Landkreises Goslar.<\/figcaption><\/figure>\n<\/div>\n\n<div class=\"wp-block-image\">\n<figure class=\"aligncenter size-full is-resized\"><img data-recalc-dims=\"1\" decoding=\"async\" src=\"https:\/\/i0.wp.com\/die-harzburg.de\/wp-content\/uploads\/2022\/10\/03-1.png?w=600\" alt=\"\" class=\"wp-image-415\" \/><figcaption>Unter den G\u00e4sten auch Gerhard Kinzel von der Klosterbrennerei W\u00f6ltingerode.<\/figcaption><\/figure>\n<\/div>\n\n<div class=\"wp-block-image\">\n<figure class=\"aligncenter size-full is-resized\"><img data-recalc-dims=\"1\" decoding=\"async\" src=\"https:\/\/i0.wp.com\/die-harzburg.de\/wp-content\/uploads\/2022\/10\/04-1.png?w=600\" alt=\"\" class=\"wp-image-416\" \/><figcaption>Gute Partnerschaft: Harzklub-Vorsitzender Alfred Heineke und Horst Woick.<\/figcaption><\/figure>\n<\/div>\n\n<div class=\"wp-block-image\">\n<figure class=\"aligncenter size-full is-resized\"><img data-recalc-dims=\"1\" decoding=\"async\" src=\"https:\/\/i0.wp.com\/die-harzburg.de\/wp-content\/uploads\/2022\/10\/05-1.png?w=600\" alt=\"\" class=\"wp-image-417\" \/><figcaption>Die Mangd Minna (Regina Deichmann) schaut nat\u00fcrlich auch vorbei.<\/figcaption><\/figure>\n<\/div>\n\n<div class=\"wp-block-image\">\n<figure class=\"aligncenter size-full is-resized\"><img data-recalc-dims=\"1\" decoding=\"async\" src=\"https:\/\/i0.wp.com\/die-harzburg.de\/wp-content\/uploads\/2022\/10\/06-1.png?w=600\" alt=\"\" class=\"wp-image-418\" \/><figcaption>Dirk Junicke pr\u00e4sentiert den Namensstein der &#8222;Horst-Woick-Eiche&#8220;.<\/figcaption><\/figure>\n<\/div>\n\n<div class=\"wp-block-image\">\n<figure class=\"aligncenter size-full is-resized\"><img data-recalc-dims=\"1\" decoding=\"async\" src=\"https:\/\/i0.wp.com\/die-harzburg.de\/wp-content\/uploads\/2022\/10\/09-1.png?w=400\" alt=\"\" class=\"wp-image-420\"  srcset=\"https:\/\/i0.wp.com\/die-harzburg.de\/wp-content\/uploads\/2022\/10\/09-1.png?w=350&amp;ssl=1 350w, https:\/\/i0.wp.com\/die-harzburg.de\/wp-content\/uploads\/2022\/10\/09-1.png?resize=169%2C300&amp;ssl=1 169w\" sizes=\"(max-width: 350px) 100vw, 350px\" \/><figcaption>Stilvolle \u00dcbergabe der Amtsgesch\u00e4fte mit den &#8222;Insignien der Macht&#8220;.<\/figcaption><\/figure>\n<\/div>","protected":false},"excerpt":{"rendered":"<p>2016 &#8211; Amts\u00fcbergabe<\/p>\n","protected":false},"author":1,"featured_media":420,"comment_status":"open","ping_status":"open","sticky":false,"template":"","format":"standard","meta":{"_jetpack_memberships_contains_paid_content":false,"footnotes":""},"categories":[4],"tags":[],"class_list":["post-409","post","type-post","status-publish","format-standard","has-post-thumbnail","hentry","category-archiv"],"jetpack_featured_media_url":"https:\/\/i0.wp.com\/die-harzburg.de\/wp-content\/uploads\/2022\/10\/09-1.png?fit=350%2C622&ssl=1","jetpack_sharing_enabled":true,"_links":{"self":[{"href":"https:\/\/die-harzburg.de\/index.php?rest_route=\/wp\/v2\/posts\/409","targetHints":{"allow":["GET"]}}],"collection":[{"href":"https:\/\/die-harzburg.de\/index.php?rest_route=\/wp\/v2\/posts"}],"about":[{"href":"https:\/\/die-harzburg.de\/index.php?rest_route=\/wp\/v2\/types\/post"}],"author":[{"embeddable":true,"href":"https:\/\/die-harzburg.de\/index.php?rest_route=\/wp\/v2\/users\/1"}],"replies":[{"embeddable":true,"href":"https:\/\/die-harzburg.de\/index.php?rest_route=%2Fwp%2Fv2%2Fcomments&post=409"}],"version-history":[{"count":3,"href":"https:\/\/die-harzburg.de\/index.php?rest_route=\/wp\/v2\/posts\/409\/revisions"}],"predecessor-version":[{"id":425,"href":"https:\/\/die-harzburg.de\/index.php?rest_route=\/wp\/v2\/posts\/409\/revisions\/425"}],"wp:featuredmedia":[{"embeddable":true,"href":"https:\/\/die-harzburg.de\/index.php?rest_route=\/wp\/v2\/media\/420"}],"wp:attachment":[{"href":"https:\/\/die-harzburg.de\/index.php?rest_route=%2Fwp%2Fv2%2Fmedia&parent=409"}],"wp:term":[{"taxonomy":"category","embeddable":true,"href":"https:\/\/die-harzburg.de\/index.php?rest_route=%2Fwp%2Fv2%2Fcategories&post=409"},{"taxonomy":"post_tag","embeddable":true,"href":"https:\/\/die-harzburg.de\/index.php?rest_route=%2Fwp%2Fv2%2Ftags&post=409"}],"curies":[{"name":"wp","href":"https:\/\/api.w.org\/{rel}","templated":true}]}}