{"id":1094,"date":"2024-07-19T10:40:28","date_gmt":"2024-07-19T08:40:28","guid":{"rendered":"https:\/\/die-harzburg.de\/?p=1094"},"modified":"2024-07-19T10:40:31","modified_gmt":"2024-07-19T08:40:31","slug":"30-jahre-foerderverein-feiern","status":"publish","type":"post","link":"https:\/\/die-harzburg.de\/?p=1094","title":{"rendered":"30 Jahre F\u00f6rderverein feiern"},"content":{"rendered":"\n<figure class=\"wp-block-image alignwide size-full\"><img data-recalc-dims=\"1\" loading=\"lazy\" decoding=\"async\" width=\"720\" height=\"332\" src=\"https:\/\/i0.wp.com\/die-harzburg.de\/wp-content\/uploads\/2023\/05\/canossa-flach.jpg?resize=720%2C332\" alt=\"\" class=\"wp-image-751\" srcset=\"https:\/\/i0.wp.com\/die-harzburg.de\/wp-content\/uploads\/2023\/05\/canossa-flach.jpg?w=800&amp;ssl=1 800w, https:\/\/i0.wp.com\/die-harzburg.de\/wp-content\/uploads\/2023\/05\/canossa-flach.jpg?resize=300%2C138&amp;ssl=1 300w, https:\/\/i0.wp.com\/die-harzburg.de\/wp-content\/uploads\/2023\/05\/canossa-flach.jpg?resize=768%2C354&amp;ssl=1 768w\" sizes=\"auto, (max-width: 720px) 100vw, 720px\" \/><\/figure>\n\n\n\n<h2 class=\"wp-block-heading\">Jubil\u00e4ums-Party gleich im Dreierpack<\/h2>\n\n\n\n<p>Man muss die Feste feiern, wie sie fallen. Eine popul\u00e4re Binsenweisheit \u2013 der am Donnerstag, 8. August 2024, von 17.00 Uhr an auf dem Burgberg in Bad Harzburg besonders gern Folge geleistet wird, denn die Jubil\u00e4en k\u00f6nnen in diesem Jahr gleich im Dreierpack gefeiert werden:<\/p>\n\n\n\n<div class=\"wp-block-media-text is-stacked-on-mobile\" style=\"grid-template-columns:15% auto\"><figure class=\"wp-block-media-text__media\"><img data-recalc-dims=\"1\" loading=\"lazy\" decoding=\"async\" width=\"236\" height=\"300\" src=\"https:\/\/i0.wp.com\/die-harzburg.de\/wp-content\/uploads\/2024\/07\/logo-burgberg-236x300.jpg?resize=236%2C300&#038;ssl=1\" alt=\"\" class=\"wp-image-1095 size-medium\" srcset=\"https:\/\/i0.wp.com\/die-harzburg.de\/wp-content\/uploads\/2024\/07\/logo-burgberg.jpg?resize=236%2C300&amp;ssl=1 236w, https:\/\/i0.wp.com\/die-harzburg.de\/wp-content\/uploads\/2024\/07\/logo-burgberg.jpg?w=497&amp;ssl=1 497w\" sizes=\"auto, (max-width: 236px) 100vw, 236px\" \/><\/figure><div class=\"wp-block-media-text__content\">\n<p>Neben dem 30-j\u00e4hrigen Vereinsjubil\u00e4um des <strong>F\u00f6rdervereins Historischer Burgberg Bad Harzburg e.V.<\/strong> begehen ihr<\/p>\n<\/div><\/div>\n\n\n\n<div class=\"wp-block-media-text is-stacked-on-mobile\" style=\"grid-template-columns:15% auto\"><figure class=\"wp-block-media-text__media\"><img data-recalc-dims=\"1\" loading=\"lazy\" decoding=\"async\" width=\"720\" height=\"735\" src=\"https:\/\/i0.wp.com\/die-harzburg.de\/wp-content\/uploads\/2024\/07\/stiftung_gross.jpg?resize=720%2C735&#038;ssl=1\" alt=\"\" class=\"wp-image-1096 size-full\" srcset=\"https:\/\/i0.wp.com\/die-harzburg.de\/wp-content\/uploads\/2024\/07\/stiftung_gross.jpg?w=787&amp;ssl=1 787w, https:\/\/i0.wp.com\/die-harzburg.de\/wp-content\/uploads\/2024\/07\/stiftung_gross.jpg?resize=294%2C300&amp;ssl=1 294w, https:\/\/i0.wp.com\/die-harzburg.de\/wp-content\/uploads\/2024\/07\/stiftung_gross.jpg?resize=768%2C784&amp;ssl=1 768w\" sizes=\"auto, (max-width: 720px) 100vw, 720px\" \/><\/figure><div class=\"wp-block-media-text__content\">\n<p>20-j\u00e4hriges Bestehen die Freunde von der <strong>Bad Harzburg-Stiftung<\/strong>, die bei dieser Gelegenheit auf dem Bad Harzburger Hausberg auch gleich das<\/p>\n<\/div><\/div>\n\n\n\n<div class=\"wp-block-media-text is-stacked-on-mobile\" style=\"grid-template-columns:15% auto\"><figure class=\"wp-block-media-text__media\"><img data-recalc-dims=\"1\" loading=\"lazy\" decoding=\"async\" width=\"720\" height=\"473\" src=\"https:\/\/i0.wp.com\/die-harzburg.de\/wp-content\/uploads\/2024\/07\/schrein-1024x672.jpg?resize=720%2C473&#038;ssl=1\" alt=\"\" class=\"wp-image-1097 size-full\" srcset=\"https:\/\/i0.wp.com\/die-harzburg.de\/wp-content\/uploads\/2024\/07\/schrein.jpg?resize=1024%2C672&amp;ssl=1 1024w, https:\/\/i0.wp.com\/die-harzburg.de\/wp-content\/uploads\/2024\/07\/schrein.jpg?resize=300%2C197&amp;ssl=1 300w, https:\/\/i0.wp.com\/die-harzburg.de\/wp-content\/uploads\/2024\/07\/schrein.jpg?resize=768%2C504&amp;ssl=1 768w, https:\/\/i0.wp.com\/die-harzburg.de\/wp-content\/uploads\/2024\/07\/schrein.jpg?w=1200&amp;ssl=1 1200w\" sizes=\"auto, (max-width: 720px) 100vw, 720px\" \/><\/figure><div class=\"wp-block-media-text__content\">\n<p>10-J\u00e4hrige der Wiederer\u00f6ffnung der <strong>Harzsagenhalle <\/strong>feiern k\u00f6nnen.<\/p>\n<\/div><\/div>\n\n\n\n<p>Trotz vieler guter Feiergr\u00fcnde ist an diesem Tag auf dem Burgberg allerdings kein steifer Festakt geplant. Wie schon bei dem so gelungenen \u201eSundowner-Picknick\u201c vor Jahresfrist ist eher ein locker-fr\u00f6hliches Miteinander vorgesehen. Speisen und Getr\u00e4nke k\u00f6nnen zu einer Art \u201eB\u00fcrgerbrunch\u201c mitgebracht werden, aber das Gast- und Logierhaus \u201eAussichtsreich\u201c ist nat\u00fcrlich ebenfalls ge\u00f6ffnet.<\/p>\n\n\n\n<p>Die Bad Harzburg-Stiftung wird zudem die Harzsagenhalle pr\u00e4sentieren und hat auch ein \u201e\u00dcberraschungsgeschenk\u201c in petto, das an diesem Abend enth\u00fcllt werden soll.<\/p>\n\n\n\n<p>Wer nicht zur Dreier-Jubil\u00e4umsfeier auf den Burgberg wandern will, kann bis 18.00 Uhr die Burgberg-Seilbahn nutzen.<\/p>\n","protected":false},"excerpt":{"rendered":"<p>Jubil\u00e4ums-Party gleich im Dreierpack Man muss die Feste feiern, wie sie fallen. Eine popul\u00e4re Binsenweisheit \u2013 der am Donnerstag, 8. August 2024, von 17.00 Uhr an auf dem Burgberg in Bad Harzburg besonders gern Folge geleistet wird, denn die Jubil\u00e4en<\/p>\n","protected":false},"author":1,"featured_media":751,"comment_status":"open","ping_status":"open","sticky":false,"template":"","format":"standard","meta":{"_jetpack_memberships_contains_paid_content":false,"footnotes":""},"categories":[5],"tags":[15,8,16,69,70],"class_list":["post-1094","post","type-post","status-publish","format-standard","has-post-thumbnail","hentry","category-neues","tag-burgberg","tag-harzburg","tag-harzsagenhalle","tag-jubilaeum","tag-stiftung"],"jetpack_featured_media_url":"https:\/\/i0.wp.com\/die-harzburg.de\/wp-content\/uploads\/2023\/05\/canossa-flach.jpg?fit=800%2C369&ssl=1","jetpack_sharing_enabled":true,"_links":{"self":[{"href":"https:\/\/die-harzburg.de\/index.php?rest_route=\/wp\/v2\/posts\/1094","targetHints":{"allow":["GET"]}}],"collection":[{"href":"https:\/\/die-harzburg.de\/index.php?rest_route=\/wp\/v2\/posts"}],"about":[{"href":"https:\/\/die-harzburg.de\/index.php?rest_route=\/wp\/v2\/types\/post"}],"author":[{"embeddable":true,"href":"https:\/\/die-harzburg.de\/index.php?rest_route=\/wp\/v2\/users\/1"}],"replies":[{"embeddable":true,"href":"https:\/\/die-harzburg.de\/index.php?rest_route=%2Fwp%2Fv2%2Fcomments&post=1094"}],"version-history":[{"count":1,"href":"https:\/\/die-harzburg.de\/index.php?rest_route=\/wp\/v2\/posts\/1094\/revisions"}],"predecessor-version":[{"id":1098,"href":"https:\/\/die-harzburg.de\/index.php?rest_route=\/wp\/v2\/posts\/1094\/revisions\/1098"}],"wp:featuredmedia":[{"embeddable":true,"href":"https:\/\/die-harzburg.de\/index.php?rest_route=\/wp\/v2\/media\/751"}],"wp:attachment":[{"href":"https:\/\/die-harzburg.de\/index.php?rest_route=%2Fwp%2Fv2%2Fmedia&parent=1094"}],"wp:term":[{"taxonomy":"category","embeddable":true,"href":"https:\/\/die-harzburg.de\/index.php?rest_route=%2Fwp%2Fv2%2Fcategories&post=1094"},{"taxonomy":"post_tag","embeddable":true,"href":"https:\/\/die-harzburg.de\/index.php?rest_route=%2Fwp%2Fv2%2Ftags&post=1094"}],"curies":[{"name":"wp","href":"https:\/\/api.w.org\/{rel}","templated":true}]}}